{"id":1568,"date":"2016-04-12T12:51:46","date_gmt":"2016-04-12T10:51:46","guid":{"rendered":"https:\/\/conscolonia.esteri.it\/news\/dal_consolato\/2016\/04\/forum-accademico-italiano-organizza-2\/"},"modified":"2016-04-12T12:51:46","modified_gmt":"2016-04-12T10:51:46","slug":"forum-accademico-italiano-organizza-2","status":"publish","type":"post","link":"https:\/\/conscolonia.esteri.it\/de\/news\/dal_consolato\/2016\/04\/forum-accademico-italiano-organizza-2\/","title":{"rendered":"Das Forum Accademico Italiano veranstaltet einen Sch\u00fclerwettbewerb f\u00fcr Italienisch"},"content":{"rendered":"<p><a href=\"http:\/\/www.aise.it\/comunita\/colonia-il-forum-accademico-italiano-indice-il-terzo-concorso-per-la-lingua-italiana\/60263\/1\/1\/1625\">Sch\u00fclerwettbewerb f\u00fcr die italienische Sprache im Konsularbezirk K\u00f6ln<\/a><\/p>\n","protected":false},"excerpt":{"rendered":"Sch\u00fclerwettbewerb f\u00fcr die italienische Sprache im Konsularbezirk K\u00f6ln","protected":false},"author":1,"featured_media":0,"comment_status":"","ping_status":"","sticky":false,"template":"","format":"standard","meta":{"footnotes":""},"tags":[],"class_list":["post-1568","post","type-post","status-publish","format-standard","hentry"],"_links":{"self":[{"href":"https:\/\/conscolonia.esteri.it\/de\/wp-json\/wp\/v2\/posts\/1568","targetHints":{"allow":["GET"]}}],"collection":[{"href":"https:\/\/conscolonia.esteri.it\/de\/wp-json\/wp\/v2\/posts"}],"about":[{"href":"https:\/\/conscolonia.esteri.it\/de\/wp-json\/wp\/v2\/types\/post"}],"author":[{"embeddable":true,"href":"https:\/\/conscolonia.esteri.it\/de\/wp-json\/wp\/v2\/users\/1"}],"replies":[{"embeddable":true,"href":"https:\/\/conscolonia.esteri.it\/de\/wp-json\/wp\/v2\/comments?post=1568"}],"version-history":[{"count":0,"href":"https:\/\/conscolonia.esteri.it\/de\/wp-json\/wp\/v2\/posts\/1568\/revisions"}],"wp:attachment":[{"href":"https:\/\/conscolonia.esteri.it\/de\/wp-json\/wp\/v2\/media?parent=1568"}],"wp:term":[{"taxonomy":"post_tag","embeddable":true,"href":"https:\/\/conscolonia.esteri.it\/de\/wp-json\/wp\/v2\/tags?post=1568"}],"curies":[{"name":"wp","href":"https:\/\/api.w.org\/{rel}","templated":true}]}}